{"id":10005,"date":"2017-08-10T16:50:19","date_gmt":"2017-08-10T23:50:19","guid":{"rendered":"http:\/\/dev.impactnw.org\/?p=10005"},"modified":"2017-08-10T16:50:19","modified_gmt":"2017-08-10T23:50:19","slug":"early-childhood-inequality-infographic","status":"publish","type":"post","link":"https:\/\/impactnw.org\/es\/news\/early-childhood-inequality-infographic\/","title":{"rendered":"Desigualdad en la primera infancia (infograf\u00eda)"},"content":{"rendered":"<style type=\"text\/css\" data-created_by=\"avia_inline_auto\" id=\"style-css-av-av_one_full-6126cab7d8fab8d08143dd2dacdf673c\">\n.flex_column.av-av_one_full-6126cab7d8fab8d08143dd2dacdf673c{\nborder-radius:0px 0px 0px 0px;\npadding:0px 0px 0px 0px;\n}\n<\/style>\n<div  class='flex_column av-av_one_full-6126cab7d8fab8d08143dd2dacdf673c av_one_full  avia-builder-el-0  avia-builder-el-no-sibling  first flex_column_div av-zero-column-padding'     ><section  class='av_textblock_section av-av_textblock-2de302bf1aa3cf4c9157dbe6f50ac7eb'   itemscope=\"itemscope\" itemtype=\"https:\/\/schema.org\/BlogPosting\" itemprop=\"blogPost\" ><div class='avia_textblock'  itemprop=\"text\" ><h1>Desigualdad en la primera infancia<\/h1>\n<h2>C\u00f3mo la educaci\u00f3n puede abrir la puerta al \u00e9xito para los ni\u00f1os en la pobreza<\/h2>\n<p><img loading=\"lazy\" decoding=\"async\" class=\"alignright size-medium wp-image-9818\" src=\"https:\/\/impactnw.org\/wp-content\/uploads\/2011\/10\/273792_RMHC_Friends_Family_Chicago_ILMCD_1388-300x200.jpg\" alt=\"Proyecto Impact NW Paternidad infantil\" width=\"300\" height=\"200\" srcset=\"https:\/\/impactnw.org\/wp-content\/uploads\/2011\/10\/273792_RMHC_Friends_Family_Chicago_ILMCD_1388-300x200.jpg 300w, https:\/\/impactnw.org\/wp-content\/uploads\/2011\/10\/273792_RMHC_Friends_Family_Chicago_ILMCD_1388-768x512.jpg 768w, https:\/\/impactnw.org\/wp-content\/uploads\/2011\/10\/273792_RMHC_Friends_Family_Chicago_ILMCD_1388-705x470.jpg 705w, https:\/\/impactnw.org\/wp-content\/uploads\/2011\/10\/273792_RMHC_Friends_Family_Chicago_ILMCD_1388-450x300.jpg 450w, https:\/\/impactnw.org\/wp-content\/uploads\/2011\/10\/273792_RMHC_Friends_Family_Chicago_ILMCD_1388.jpg 1024w\" sizes=\"auto, (max-width: 300px) 100vw, 300px\" \/>Las oportunidades de educaci\u00f3n para ni\u00f1os peque\u00f1os son diferentes seg\u00fan el nivel de ingresos de su familia. <a href=\"http:\/\/www.oregonlive.com\/education\/index.ssf\/2015\/01\/oregon_ranks_no_46_for_early_c.html#chart\" target=\"_blank\" rel=\"noopener\">Mientras que el 50% de los ni\u00f1os de ingresos medios y altos en Oregon son <em>matriculado<\/em> en preescolar, solo el 30% de los ni\u00f1os de bajos ingresos <em>tener acceso<\/em> a preescolar de alta calidad.<\/a><\/p>\n<p>Si bien el acceso a la educaci\u00f3n preescolar o a la primera infancia puede no parecer un gran problema, sabemos que es muy importante. <a href=\"http:\/\/www.nccp.org\/publications\/pub_695.html\" target=\"_blank\" rel=\"noopener\">A los 4 a\u00f1os, los ni\u00f1os que no tienen acceso al aprendizaje temprano pueden tener hasta 18 meses de retraso con respecto a sus compa\u00f1eros.<\/a><\/p>\n<h3>\u00bfC\u00f3mo es que incluso el campo de juego?<\/h3>\n<p>Impact NW proporciona a las familias de bajos ingresos <a href=\"https:\/\/impactnw.org\/main-navigation\/programs\/early-childhood\/\">grupos de interacci\u00f3n padre-hijo de alta calidad, visitas domiciliarias, preparaci\u00f3n para el k\u00ednder y m\u00e1s<\/a>.<\/p>\n<p>Estos servicios son una inversi\u00f3n inteligente para combatir la pobreza. La investigaci\u00f3n muestra que\u00a0<a href=\"http:\/\/highscope.org\/perrypreschoolstudy\" target=\"_blank\" rel=\"noopener\">por cada $ 1 gastado en educaci\u00f3n de la primera infancia, el retorno de la inversi\u00f3n para la sociedad se estima en $ 17<\/a>!<\/p>\n<h3><img loading=\"lazy\" decoding=\"async\" class=\"alignright size-medium wp-image-9813\" src=\"https:\/\/impactnw.org\/wp-content\/uploads\/2011\/09\/Impact-NW-Early-Childhood-Another-Look-02.17.16-113-of-227-300x200.jpg\" alt=\"Servicios de desarrollo para padres e hijos de Impact NW (PCDS)\" width=\"300\" height=\"200\" srcset=\"https:\/\/impactnw.org\/wp-content\/uploads\/2011\/09\/Impact-NW-Early-Childhood-Another-Look-02.17.16-113-of-227-300x200.jpg 300w, https:\/\/impactnw.org\/wp-content\/uploads\/2011\/09\/Impact-NW-Early-Childhood-Another-Look-02.17.16-113-of-227-768x513.jpg 768w, https:\/\/impactnw.org\/wp-content\/uploads\/2011\/09\/Impact-NW-Early-Childhood-Another-Look-02.17.16-113-of-227-1030x688.jpg 1030w, https:\/\/impactnw.org\/wp-content\/uploads\/2011\/09\/Impact-NW-Early-Childhood-Another-Look-02.17.16-113-of-227-1500x1001.jpg 1500w, https:\/\/impactnw.org\/wp-content\/uploads\/2011\/09\/Impact-NW-Early-Childhood-Another-Look-02.17.16-113-of-227-705x471.jpg 705w, https:\/\/impactnw.org\/wp-content\/uploads\/2011\/09\/Impact-NW-Early-Childhood-Another-Look-02.17.16-113-of-227-450x300.jpg 450w\" sizes=\"auto, (max-width: 300px) 100vw, 300px\" \/>Cuando invertimos en nuestros hijos, la sociedad se levanta junto a ellos.<\/h3>\n<p>Impact NW cree que darle a cada familia la oportunidad de ayudar a sus hijos peque\u00f1os a prosperar, independientemente de su nivel de ingresos. Y la sociedad tambi\u00e9n se beneficia al levantar a todas las familias:<\/p>\n<p>Los ni\u00f1os que asisten a programas de educaci\u00f3n infantil de alta calidad son ...<\/p>\n<ul>\n<li>20% m\u00e1s de probabilidades de graduarse de la escuela secundaria<\/li>\n<li>40% menos de probabilidades de convertirse en padres adolescentes<\/li>\n<li>70% menos de probabilidades de ser arrestado por un crimen violento<\/li>\n<li>haciendo ingresos un 40% m\u00e1s altos a los 40 a\u00f1os que sus pares que no tienen acceso a programas preescolares de alta calidad.<\/li>\n<\/ul>\n<p><strong>\u00a1Est\u00e1 claro que la educaci\u00f3n de la primera infancia es importante!<\/strong><\/p>\n<\/div><\/section><br \/>\n<div  class='hr av-av_hr-0ff602b3e980a3377077ff3c1c834df6 hr-default  avia-builder-el-2  el_after_av_textblock  el_before_av_image'><span class='hr-inner'><span class=\"hr-inner-style\"><\/span><\/span><\/div><br \/>\n\n<style type=\"text\/css\" data-created_by=\"avia_inline_auto\" id=\"style-css-av-av_image-3bc3632407948387124b7c13d135f99d\">\n.avia-image-container.av-av_image-3bc3632407948387124b7c13d135f99d img.avia_image{\nbox-shadow:none;\n}\n.avia-image-container.av-av_image-3bc3632407948387124b7c13d135f99d .av-image-caption-overlay-center{\ncolor:#ffffff;\n}\n<\/style>\n<div  class='avia-image-container av-av_image-3bc3632407948387124b7c13d135f99d av-styling- av-img-linked avia-align-center  avia-builder-el-3  el_after_av_hr  avia-builder-el-last'   itemprop=\"image\" itemscope=\"itemscope\" itemtype=\"https:\/\/schema.org\/ImageObject\" ><div class=\"avia-image-container-inner\"><div class=\"avia-image-overlay-wrap\"><a href=\"https:\/\/impactnw.org\/wp-content\/uploads\/2017\/08\/early_childhood_inequality_infographic.pdf\" class='avia_image'  aria-label='Desigualdad en la primera infancia (infograf\u00eda)'><img decoding=\"async\" fetchpriority=\"high\" class='wp-image-10006 avia-img-lazy-loading-not-10006 avia_image' src=\"https:\/\/impactnw.org\/wp-content\/uploads\/2017\/08\/early_childhood_inequality_infographic.jpg\" alt='Desigualdad en la primera infancia (infograf\u00eda)' title='Desigualdad en la primera infancia (infograf\u00eda)'  height=\"2200\" width=\"1700\"  itemprop=\"thumbnailUrl\" srcset=\"https:\/\/impactnw.org\/wp-content\/uploads\/2017\/08\/early_childhood_inequality_infographic.jpg 1700w, https:\/\/impactnw.org\/wp-content\/uploads\/2017\/08\/early_childhood_inequality_infographic-232x300.jpg 232w, https:\/\/impactnw.org\/wp-content\/uploads\/2017\/08\/early_childhood_inequality_infographic-768x994.jpg 768w, https:\/\/impactnw.org\/wp-content\/uploads\/2017\/08\/early_childhood_inequality_infographic-796x1030.jpg 796w, https:\/\/impactnw.org\/wp-content\/uploads\/2017\/08\/early_childhood_inequality_infographic-1159x1500.jpg 1159w, https:\/\/impactnw.org\/wp-content\/uploads\/2017\/08\/early_childhood_inequality_infographic-545x705.jpg 545w, https:\/\/impactnw.org\/wp-content\/uploads\/2017\/08\/early_childhood_inequality_infographic-450x582.jpg 450w\" sizes=\"(max-width: 1700px) 100vw, 1700px\" \/><\/a><\/div><\/div><\/div><\/p><\/div>","protected":false},"excerpt":{"rendered":"<p>La educaci\u00f3n de la primera infancia puede abrir la puerta al \u00e9xito para los ni\u00f1os en la pobreza. Y cuando invertimos en nuestros hijos, la sociedad se levanta junto a ellos. <a class=\"continue\" href=\"https:\/\/impactnw.org\/es\/news\/early-childhood-inequality-infographic\/\">Continue Reading<span> Desigualdad en la primera infancia (infograf\u00eda)<\/span><\/a><\/p>","protected":false},"author":21,"featured_media":10009,"comment_status":"closed","ping_status":"closed","sticky":false,"template":"","format":"standard","meta":{"_monsterinsights_skip_tracking":false,"_monsterinsights_sitenote_active":false,"_monsterinsights_sitenote_note":"","_monsterinsights_sitenote_category":0,"footnotes":"","_links_to":"","_links_to_target":""},"categories":[7],"tags":[112,156,204,205,76,23,206,128,147],"class_list":["post-10005","post","type-post","status-publish","format-standard","has-post-thumbnail","hentry","category-news","tag-children","tag-early-childhood","tag-early-childhood-education","tag-ece","tag-education","tag-impact-nw","tag-inequality","tag-kids","tag-poverty"],"yoast_head":"<!-- This site is optimized with the Yoast SEO plugin v27.4 - https:\/\/yoast.com\/product\/yoast-seo-wordpress\/ -->\n<title>Early Childhood Inequality (Infographic) &#8211; Impact NW<\/title>\n<meta name=\"description\" content=\"Early childhood education can open the door to success for kids in poverty. And when we invest in our children, society rises up alongside them.\" \/>\n<meta name=\"robots\" content=\"index, follow, max-snippet:-1, max-image-preview:large, max-video-preview:-1\" \/>\n<link rel=\"canonical\" href=\"https:\/\/impactnw.org\/es\/news\/early-childhood-inequality-infographic\/\" \/>\n<meta property=\"og:locale\" content=\"es_ES\" \/>\n<meta property=\"og:type\" content=\"article\" \/>\n<meta property=\"og:title\" content=\"Early Childhood Inequality (Infographic) &#8211; Impact NW\" \/>\n<meta property=\"og:description\" content=\"Early childhood education can open the door to success for kids in poverty. And when we invest in our children, society rises up alongside them.\" \/>\n<meta property=\"og:url\" content=\"https:\/\/impactnw.org\/es\/news\/early-childhood-inequality-infographic\/\" \/>\n<meta property=\"og:site_name\" content=\"Impact NW\" \/>\n<meta property=\"article:publisher\" content=\"http:\/\/www.facebook.com\/ImpactNWsince1966\" \/>\n<meta property=\"article:published_time\" content=\"2017-08-10T23:50:19+00:00\" \/>\n<meta property=\"og:image\" content=\"https:\/\/impactnw.org\/wp-content\/uploads\/2017\/08\/early_childhood_inequality_feature.jpg\" \/>\n\t<meta property=\"og:image:width\" content=\"500\" \/>\n\t<meta property=\"og:image:height\" content=\"350\" \/>\n\t<meta property=\"og:image:type\" content=\"image\/jpeg\" \/>\n<meta name=\"author\" content=\"Impact NW\" \/>\n<meta name=\"twitter:card\" content=\"summary_large_image\" \/>\n<meta name=\"twitter:creator\" content=\"@impactnw\" \/>\n<meta name=\"twitter:site\" content=\"@impactnw\" \/>\n<meta name=\"twitter:label1\" content=\"Escrito por\" \/>\n\t<meta name=\"twitter:data1\" content=\"Impact NW\" \/>\n\t<meta name=\"twitter:label2\" content=\"Tiempo de lectura\" \/>\n\t<meta name=\"twitter:data2\" content=\"2 minutos\" \/>\n<script type=\"application\/ld+json\" class=\"yoast-schema-graph\">{\"@context\":\"https:\\\/\\\/schema.org\",\"@graph\":[{\"@type\":\"Article\",\"@id\":\"https:\\\/\\\/impactnw.org\\\/news\\\/early-childhood-inequality-infographic\\\/#article\",\"isPartOf\":{\"@id\":\"https:\\\/\\\/impactnw.org\\\/news\\\/early-childhood-inequality-infographic\\\/\"},\"author\":{\"name\":\"Impact NW\",\"@id\":\"https:\\\/\\\/impactnw.org\\\/#\\\/schema\\\/person\\\/794e62665df03c90e13dc0f748a9fd8b\"},\"headline\":\"Early Childhood Inequality (Infographic)\",\"datePublished\":\"2017-08-10T23:50:19+00:00\",\"mainEntityOfPage\":{\"@id\":\"https:\\\/\\\/impactnw.org\\\/news\\\/early-childhood-inequality-infographic\\\/\"},\"wordCount\":381,\"image\":{\"@id\":\"https:\\\/\\\/impactnw.org\\\/news\\\/early-childhood-inequality-infographic\\\/#primaryimage\"},\"thumbnailUrl\":\"https:\\\/\\\/impactnw.org\\\/wp-content\\\/uploads\\\/2017\\\/08\\\/early_childhood_inequality_feature.jpg\",\"keywords\":[\"children\",\"early childhood\",\"early childhood education\",\"ece\",\"education\",\"impact nw\",\"inequality\",\"kids\",\"poverty\"],\"articleSection\":[\"News\"],\"inLanguage\":\"es\"},{\"@type\":\"WebPage\",\"@id\":\"https:\\\/\\\/impactnw.org\\\/news\\\/early-childhood-inequality-infographic\\\/\",\"url\":\"https:\\\/\\\/impactnw.org\\\/news\\\/early-childhood-inequality-infographic\\\/\",\"name\":\"Early Childhood Inequality (Infographic) &#8211; Impact NW\",\"isPartOf\":{\"@id\":\"https:\\\/\\\/impactnw.org\\\/#website\"},\"primaryImageOfPage\":{\"@id\":\"https:\\\/\\\/impactnw.org\\\/news\\\/early-childhood-inequality-infographic\\\/#primaryimage\"},\"image\":{\"@id\":\"https:\\\/\\\/impactnw.org\\\/news\\\/early-childhood-inequality-infographic\\\/#primaryimage\"},\"thumbnailUrl\":\"https:\\\/\\\/impactnw.org\\\/wp-content\\\/uploads\\\/2017\\\/08\\\/early_childhood_inequality_feature.jpg\",\"datePublished\":\"2017-08-10T23:50:19+00:00\",\"author\":{\"@id\":\"https:\\\/\\\/impactnw.org\\\/#\\\/schema\\\/person\\\/794e62665df03c90e13dc0f748a9fd8b\"},\"description\":\"Early childhood education can open the door to success for kids in poverty. And when we invest in our children, society rises up alongside them.\",\"breadcrumb\":{\"@id\":\"https:\\\/\\\/impactnw.org\\\/news\\\/early-childhood-inequality-infographic\\\/#breadcrumb\"},\"inLanguage\":\"es\",\"potentialAction\":[{\"@type\":\"ReadAction\",\"target\":[\"https:\\\/\\\/impactnw.org\\\/news\\\/early-childhood-inequality-infographic\\\/\"]}]},{\"@type\":\"ImageObject\",\"inLanguage\":\"es\",\"@id\":\"https:\\\/\\\/impactnw.org\\\/news\\\/early-childhood-inequality-infographic\\\/#primaryimage\",\"url\":\"https:\\\/\\\/impactnw.org\\\/wp-content\\\/uploads\\\/2017\\\/08\\\/early_childhood_inequality_feature.jpg\",\"contentUrl\":\"https:\\\/\\\/impactnw.org\\\/wp-content\\\/uploads\\\/2017\\\/08\\\/early_childhood_inequality_feature.jpg\",\"width\":500,\"height\":350,\"caption\":\"Early Childhood Inequality\"},{\"@type\":\"BreadcrumbList\",\"@id\":\"https:\\\/\\\/impactnw.org\\\/news\\\/early-childhood-inequality-infographic\\\/#breadcrumb\",\"itemListElement\":[{\"@type\":\"ListItem\",\"position\":1,\"name\":\"Home\",\"item\":\"https:\\\/\\\/impactnw.org\\\/home\\\/\"},{\"@type\":\"ListItem\",\"position\":2,\"name\":\"Early Childhood Inequality (Infographic)\"}]},{\"@type\":\"WebSite\",\"@id\":\"https:\\\/\\\/impactnw.org\\\/#website\",\"url\":\"https:\\\/\\\/impactnw.org\\\/\",\"name\":\"Impact NW\",\"description\":\"Inspiring Hope. Empowering Independence.\",\"potentialAction\":[{\"@type\":\"SearchAction\",\"target\":{\"@type\":\"EntryPoint\",\"urlTemplate\":\"https:\\\/\\\/impactnw.org\\\/?s={search_term_string}\"},\"query-input\":{\"@type\":\"PropertyValueSpecification\",\"valueRequired\":true,\"valueName\":\"search_term_string\"}}],\"inLanguage\":\"es\"},{\"@type\":\"Person\",\"@id\":\"https:\\\/\\\/impactnw.org\\\/#\\\/schema\\\/person\\\/794e62665df03c90e13dc0f748a9fd8b\",\"name\":\"Impact NW\",\"image\":{\"@type\":\"ImageObject\",\"inLanguage\":\"es\",\"@id\":\"https:\\\/\\\/secure.gravatar.com\\\/avatar\\\/7f603186c95745f0670cd6fd48815f8011ee2702c73b20283afa669904e84387?s=96&d=mm&r=g\",\"url\":\"https:\\\/\\\/secure.gravatar.com\\\/avatar\\\/7f603186c95745f0670cd6fd48815f8011ee2702c73b20283afa669904e84387?s=96&d=mm&r=g\",\"contentUrl\":\"https:\\\/\\\/secure.gravatar.com\\\/avatar\\\/7f603186c95745f0670cd6fd48815f8011ee2702c73b20283afa669904e84387?s=96&d=mm&r=g\",\"caption\":\"Impact NW\"}}]}<\/script>\n<!-- \/ Yoast SEO plugin. -->","yoast_head_json":{"title":"Early Childhood Inequality (Infographic) &#8211; Impact NW","description":"La educaci\u00f3n de la primera infancia puede abrir la puerta al \u00e9xito para los ni\u00f1os en la pobreza. Y cuando invertimos en nuestros hijos, la sociedad se levanta junto a ellos.","robots":{"index":"index","follow":"follow","max-snippet":"max-snippet:-1","max-image-preview":"max-image-preview:large","max-video-preview":"max-video-preview:-1"},"canonical":"https:\/\/impactnw.org\/es\/news\/early-childhood-inequality-infographic\/","og_locale":"es_ES","og_type":"article","og_title":"Early Childhood Inequality (Infographic) &#8211; Impact NW","og_description":"Early childhood education can open the door to success for kids in poverty. And when we invest in our children, society rises up alongside them.","og_url":"https:\/\/impactnw.org\/es\/news\/early-childhood-inequality-infographic\/","og_site_name":"Impact NW","article_publisher":"http:\/\/www.facebook.com\/ImpactNWsince1966","article_published_time":"2017-08-10T23:50:19+00:00","og_image":[{"width":500,"height":350,"url":"https:\/\/impactnw.org\/wp-content\/uploads\/2017\/08\/early_childhood_inequality_feature.jpg","type":"image\/jpeg"}],"author":"Impact NW","twitter_card":"summary_large_image","twitter_creator":"@impactnw","twitter_site":"@impactnw","twitter_misc":{"Escrito por":"Impact NW","Tiempo de lectura":"2 minutos"},"schema":{"@context":"https:\/\/schema.org","@graph":[{"@type":"Article","@id":"https:\/\/impactnw.org\/news\/early-childhood-inequality-infographic\/#article","isPartOf":{"@id":"https:\/\/impactnw.org\/news\/early-childhood-inequality-infographic\/"},"author":{"name":"Impact NW","@id":"https:\/\/impactnw.org\/#\/schema\/person\/794e62665df03c90e13dc0f748a9fd8b"},"headline":"Early Childhood Inequality (Infographic)","datePublished":"2017-08-10T23:50:19+00:00","mainEntityOfPage":{"@id":"https:\/\/impactnw.org\/news\/early-childhood-inequality-infographic\/"},"wordCount":381,"image":{"@id":"https:\/\/impactnw.org\/news\/early-childhood-inequality-infographic\/#primaryimage"},"thumbnailUrl":"https:\/\/impactnw.org\/wp-content\/uploads\/2017\/08\/early_childhood_inequality_feature.jpg","keywords":["children","early childhood","early childhood education","ece","education","impact nw","inequality","kids","poverty"],"articleSection":["News"],"inLanguage":"es"},{"@type":"WebPage","@id":"https:\/\/impactnw.org\/news\/early-childhood-inequality-infographic\/","url":"https:\/\/impactnw.org\/news\/early-childhood-inequality-infographic\/","name":"Early Childhood Inequality (Infographic) &#8211; Impact NW","isPartOf":{"@id":"https:\/\/impactnw.org\/#website"},"primaryImageOfPage":{"@id":"https:\/\/impactnw.org\/news\/early-childhood-inequality-infographic\/#primaryimage"},"image":{"@id":"https:\/\/impactnw.org\/news\/early-childhood-inequality-infographic\/#primaryimage"},"thumbnailUrl":"https:\/\/impactnw.org\/wp-content\/uploads\/2017\/08\/early_childhood_inequality_feature.jpg","datePublished":"2017-08-10T23:50:19+00:00","author":{"@id":"https:\/\/impactnw.org\/#\/schema\/person\/794e62665df03c90e13dc0f748a9fd8b"},"description":"La educaci\u00f3n de la primera infancia puede abrir la puerta al \u00e9xito para los ni\u00f1os en la pobreza. Y cuando invertimos en nuestros hijos, la sociedad se levanta junto a ellos.","breadcrumb":{"@id":"https:\/\/impactnw.org\/news\/early-childhood-inequality-infographic\/#breadcrumb"},"inLanguage":"es","potentialAction":[{"@type":"ReadAction","target":["https:\/\/impactnw.org\/news\/early-childhood-inequality-infographic\/"]}]},{"@type":"ImageObject","inLanguage":"es","@id":"https:\/\/impactnw.org\/news\/early-childhood-inequality-infographic\/#primaryimage","url":"https:\/\/impactnw.org\/wp-content\/uploads\/2017\/08\/early_childhood_inequality_feature.jpg","contentUrl":"https:\/\/impactnw.org\/wp-content\/uploads\/2017\/08\/early_childhood_inequality_feature.jpg","width":500,"height":350,"caption":"Early Childhood Inequality"},{"@type":"BreadcrumbList","@id":"https:\/\/impactnw.org\/news\/early-childhood-inequality-infographic\/#breadcrumb","itemListElement":[{"@type":"ListItem","position":1,"name":"Home","item":"https:\/\/impactnw.org\/home\/"},{"@type":"ListItem","position":2,"name":"Early Childhood Inequality (Infographic)"}]},{"@type":"WebSite","@id":"https:\/\/impactnw.org\/#website","url":"https:\/\/impactnw.org\/","name":"Impacto NW","description":"Inspiradora esperanza. Empoderando la independencia.","potentialAction":[{"@type":"SearchAction","target":{"@type":"EntryPoint","urlTemplate":"https:\/\/impactnw.org\/?s={search_term_string}"},"query-input":{"@type":"PropertyValueSpecification","valueRequired":true,"valueName":"search_term_string"}}],"inLanguage":"es"},{"@type":"Person","@id":"https:\/\/impactnw.org\/#\/schema\/person\/794e62665df03c90e13dc0f748a9fd8b","name":"Impacto NW","image":{"@type":"ImageObject","inLanguage":"es","@id":"https:\/\/secure.gravatar.com\/avatar\/7f603186c95745f0670cd6fd48815f8011ee2702c73b20283afa669904e84387?s=96&d=mm&r=g","url":"https:\/\/secure.gravatar.com\/avatar\/7f603186c95745f0670cd6fd48815f8011ee2702c73b20283afa669904e84387?s=96&d=mm&r=g","contentUrl":"https:\/\/secure.gravatar.com\/avatar\/7f603186c95745f0670cd6fd48815f8011ee2702c73b20283afa669904e84387?s=96&d=mm&r=g","caption":"Impact NW"}}]}},"_links":{"self":[{"href":"https:\/\/impactnw.org\/es\/wp-json\/wp\/v2\/posts\/10005","targetHints":{"allow":["GET"]}}],"collection":[{"href":"https:\/\/impactnw.org\/es\/wp-json\/wp\/v2\/posts"}],"about":[{"href":"https:\/\/impactnw.org\/es\/wp-json\/wp\/v2\/types\/post"}],"author":[{"embeddable":true,"href":"https:\/\/impactnw.org\/es\/wp-json\/wp\/v2\/users\/21"}],"replies":[{"embeddable":true,"href":"https:\/\/impactnw.org\/es\/wp-json\/wp\/v2\/comments?post=10005"}],"version-history":[{"count":0,"href":"https:\/\/impactnw.org\/es\/wp-json\/wp\/v2\/posts\/10005\/revisions"}],"wp:featuredmedia":[{"embeddable":true,"href":"https:\/\/impactnw.org\/es\/wp-json\/wp\/v2\/media\/10009"}],"wp:attachment":[{"href":"https:\/\/impactnw.org\/es\/wp-json\/wp\/v2\/media?parent=10005"}],"wp:term":[{"taxonomy":"category","embeddable":true,"href":"https:\/\/impactnw.org\/es\/wp-json\/wp\/v2\/categories?post=10005"},{"taxonomy":"post_tag","embeddable":true,"href":"https:\/\/impactnw.org\/es\/wp-json\/wp\/v2\/tags?post=10005"}],"curies":[{"name":"wp","href":"https:\/\/api.w.org\/{rel}","templated":true}]}}